{"id":12294,"date":"2024-02-19T10:37:18","date_gmt":"2024-02-19T11:37:18","guid":{"rendered":"https:\/\/www.produccions.tv\/castellers-de-vilafranca\/"},"modified":"2024-02-19T10:37:20","modified_gmt":"2024-02-19T11:37:20","slug":"castellers-de-vilafranca","status":"publish","type":"post","link":"https:\/\/www.produccions.tv\/es\/castellers-de-vilafranca\/","title":{"rendered":"Castellers de Vilafranca"},"content":{"rendered":"<p>[et_pb_section fb_built=\u00bb1&#8243; _builder_version=\u00bb4.24.0&#8243; global_colors_info=\u00bb{}\u00bb background_color=\u00bb#2b2222&#8243; hover_enabled=\u00bb0&#8243; sticky_enabled=\u00bb0&#8243;][et_pb_row column_structure=\u00bb2_5,3_5&#8243; gutter_width=\u00bb1&#8243; make_equal=\u00bbon\u00bb _builder_version=\u00bb4.24.0&#8243; custom_margin=\u00bb||||false|false\u00bb custom_padding=\u00bb0px||0px||false|false\u00bb hover_enabled=\u00bb0&#8243; global_colors_info=\u00bb{}\u00bb sticky_enabled=\u00bb0&#8243;][et_pb_column type=\u00bb2_5&#8243; _builder_version=\u00bb4.16&#8243; background_image=\u00bbhttps:\/\/www.produccions.tv\/wp-content\/uploads\/2019\/12\/Audiovisual-Castellers.png\u00bb custom_padding_tablet=\u00bb||54%||false|false\u00bb custom_padding_phone=\u00bb\u00bb custom_padding_last_edited=\u00bbon|desktop\u00bb border_color_all=\u00bb#ffffff\u00bb border_style_all=\u00bbnone\u00bb border_width_all_last_edited=\u00bboff|tablet\u00bb global_colors_info=\u00bb{}\u00bb][et_pb_text _builder_version=\u00bb4.16&#8243; text_text_color=\u00bb#000000&#8243; text_font_size=\u00bb20px\u00bb height=\u00bb100%\u00bb custom_padding=\u00bb||20px||false|false\u00bb global_colors_info=\u00bb{}\u00bb][\/et_pb_text][\/et_pb_column][et_pb_column type=\u00bb3_5&#8243; _builder_version=\u00bb4.16&#8243; background_color=\u00bb#ffffff\u00bb custom_padding=\u00bb60px|60px|60px|60px|true|true\u00bb custom_padding_tablet=\u00bb45px||45px||true|true\u00bb custom_padding_phone=\u00bb60px|20px|60px|20px|true|true\u00bb custom_padding_last_edited=\u00bbon|phone\u00bb global_colors_info=\u00bb{}\u00bb][et_pb_post_title _builder_version=\u00bb4.24.0&#8243; global_colors_info=\u00bb{}\u00bb author=\u00bboff\u00bb categories=\u00bboff\u00bb comments=\u00bboff\u00bb featured_image=\u00bboff\u00bb hover_enabled=\u00bb0&#8243; sticky_enabled=\u00bb0&#8243;][\/et_pb_post_title][et_pb_text admin_label=\u00bbText\u00bb _builder_version=\u00bb4.24.0&#8243; global_colors_info=\u00bb{}\u00bb hover_enabled=\u00bb0&#8243; sticky_enabled=\u00bb0&#8243;]<\/p>\n<div>El audiovisual del 3 de 10 de los Castellers de Vilafranca ha sido seleccionado de nuevo en un festival internacional. En esta ocasi\u00f3n ha sido el jurado del Dunedin International Film Festival de Florida, EEUU, quien ha valorado su calidad art\u00edstica. Anteriormente hab\u00eda sido seleccionado en festivales de Rusia, Londres y Carolina del Norte.<\/div>\n<p>[\/et_pb_text][\/et_pb_column][\/et_pb_row][\/et_pb_section]<\/p>\n","protected":false},"excerpt":{"rendered":"<p>El audiovisual del 3 de 10 de los Castellers de Vilafranca ha sido seleccionado de nuevo en un festival internacional.<\/p>\n","protected":false},"author":2,"featured_media":0,"comment_status":"closed","ping_status":"closed","sticky":false,"template":"","format":"standard","meta":{"_acf_changed":false,"_et_pb_use_builder":"on","_et_pb_old_content":"","_et_gb_content_width":"","content-type":"","footnotes":""},"categories":[118],"tags":[],"dipi_cpt_category":[],"acf":[],"_links":{"self":[{"href":"https:\/\/www.produccions.tv\/es\/wp-json\/wp\/v2\/posts\/12294"}],"collection":[{"href":"https:\/\/www.produccions.tv\/es\/wp-json\/wp\/v2\/posts"}],"about":[{"href":"https:\/\/www.produccions.tv\/es\/wp-json\/wp\/v2\/types\/post"}],"author":[{"embeddable":true,"href":"https:\/\/www.produccions.tv\/es\/wp-json\/wp\/v2\/users\/2"}],"replies":[{"embeddable":true,"href":"https:\/\/www.produccions.tv\/es\/wp-json\/wp\/v2\/comments?post=12294"}],"version-history":[{"count":5,"href":"https:\/\/www.produccions.tv\/es\/wp-json\/wp\/v2\/posts\/12294\/revisions"}],"predecessor-version":[{"id":12299,"href":"https:\/\/www.produccions.tv\/es\/wp-json\/wp\/v2\/posts\/12294\/revisions\/12299"}],"wp:attachment":[{"href":"https:\/\/www.produccions.tv\/es\/wp-json\/wp\/v2\/media?parent=12294"}],"wp:term":[{"taxonomy":"category","embeddable":true,"href":"https:\/\/www.produccions.tv\/es\/wp-json\/wp\/v2\/categories?post=12294"},{"taxonomy":"post_tag","embeddable":true,"href":"https:\/\/www.produccions.tv\/es\/wp-json\/wp\/v2\/tags?post=12294"},{"taxonomy":"dipi_cpt_category","embeddable":true,"href":"https:\/\/www.produccions.tv\/es\/wp-json\/wp\/v2\/dipi_cpt_category?post=12294"}],"curies":[{"name":"wp","href":"https:\/\/api.w.org\/{rel}","templated":true}]}}